{"id":448,"date":"2026-04-28T23:40:15","date_gmt":"2026-04-29T02:40:15","guid":{"rendered":"https:\/\/ussan.eng.br\/?p=448"},"modified":"2026-04-28T23:40:18","modified_gmt":"2026-04-29T02:40:18","slug":"trabalhador-da-construcao-civil-e-sua-valorizacao","status":"publish","type":"post","link":"https:\/\/ussan.eng.br\/?p=448","title":{"rendered":"TRABALHADOR DA CONSTRU\u00c7\u00c3O CIVIL E SUA VALORIZA\u00c7\u00c3O"},"content":{"rendered":"\n<p class=\"has-text-align-center has-medium-font-size\">(Valoriza\u00e7\u00e3o: engrandecimento, eleva\u00e7\u00e3o, relev\u00e2ncia de algo ou algu\u00e9m)<\/p>\n\n\n\n<p><\/p>\n\n\n\n<p><\/p>\n\n\n\n<p><\/p>\n\n\n\n<p class=\"has-text-align-center has-large-font-size\" style=\"margin-top:0;margin-bottom:0\">Este texto pode ser considerado uma fantasia (elabora, usa e descarta) ou um sonho<br>(inicia e pode se manter por muito tempo).<\/p>\n\n\n\n<p class=\"has-text-align-center has-large-font-size\" style=\"margin-top:0;margin-bottom:0\"><br>A base para esta situa\u00e7\u00e3o ocorre quando visito locais das mais diversas atividades e me<br>deparo com trabalhadores usando vestu\u00e1rio condizente \u00e0quele momento, momento<br>este que dura grande parte do dia, como vestu\u00e1rio em plena condi\u00e7\u00f5es f\u00edsicas e de<br>higiene. Em algumas atividades o vestu\u00e1rio ou cal\u00e7ado apresenta manchas decorrentes<br>da atividade, mas que n\u00e3o trazem dem\u00e9rito ao trabalhador.<\/p>\n\n\n\n<p class=\"has-text-align-center has-large-font-size\" style=\"margin-top:0;margin-bottom:0\"><br>A partir desta situa\u00e7\u00e3o penso em canteiros de obras onde, na maioria deles, vislumbro<br>trabalhadores com os mais diversos tipos de roupas e cal\u00e7ados (exce\u00e7\u00e3o para as<br>empresas organizadas, infelizmente minoria) amassados, com falta de higieniza\u00e7\u00e3o e<br>at\u00e9 com rasgos e botinas que j\u00e1 deveriam ter sido descartadas ou, por incr\u00edvel que<br>pare\u00e7a , chinelos de dedo.<\/p>\n\n\n\n<p class=\"has-text-align-center has-large-font-size\" style=\"margin-top:0;margin-bottom:0\"><br>Neste momento o leitor, com nenhuma ou com pouca pr\u00e1tica de presen\u00e7a efetiva em<br>canteiros de obras, pode pensar: \u201cque exagero\u201d, ao qual devo contradizer e<br>recomendar , ao mesmo, maior aten\u00e7\u00e3o quando visitar uma obra ou mesmo, em seu<br>dia a dia, passar frente \u00e0 uma constru\u00e7\u00e3o, pois certamente constatar\u00e1 o aqui descrito.<\/p>\n\n\n\n<p class=\"has-text-align-center has-large-font-size\" style=\"margin-top:0;margin-bottom:0\"><br>Cabe lembrar que esta situa\u00e7\u00e3o, algumas vezes de pen\u00faria na apresenta\u00e7\u00e3o pessoal,<br>n\u00e3o vale nas empresas que possuem outro foco nas condi\u00e7\u00f5es disponibilizadas aos<br>seus trabalhadores, sempre de acordo com a legisla\u00e7\u00e3o vigente e cumprimento ao<br>estabelecido nas Normas Brasileiras Regulamentadoras.<\/p>\n\n\n\n<p class=\"has-text-align-center has-large-font-size\" style=\"margin-top:0;margin-bottom:0\"><br>Ap\u00f3s estas considera\u00e7\u00f5es, vamos ao t\u00edtulo em ep\u00edgrafe, lembrando que o trabalhador<br>da constru\u00e7\u00e3o civil \u00e9 um artista. Sim, um artista. S\u00f3 um artista consegue executar as<br>tarefas que ele executa, bastando prestar aten\u00e7\u00e3o na montagem de forma de uma laje,<br>a ferragem de uma grande viga (que perfei\u00e7\u00e3o) , a coloca\u00e7\u00e3o de um forro de madeira ,<br>as instala\u00e7\u00f5es el\u00e9trica e hidr\u00e1ulica, o acabamento das fachadas como uso dos mais<br>diferentes materiais e toda enorme quantidade de pe\u00e7as que integram a montagem<br>(sim, montagem) de um pr\u00e9dio, seja ele de pequenas dimens\u00f5es ou enormes<br>estruturas com elevada \u00e1rea e altura.<\/p>\n\n\n\n<p class=\"has-text-align-center has-large-font-size\" style=\"margin-top:0;margin-bottom:0\"><\/p>\n\n\n\n<p class=\"has-text-align-center\"><strong>Agora as perguntas:<\/strong><\/p>\n\n\n\n<ul class=\"wp-block-list\">\n<li>As pessoas que n\u00e3o lidam com constru\u00e7\u00e3o civil valorizam o trabalhador que ali atua?<\/li>\n<\/ul>\n\n\n\n<ul class=\"wp-block-list\">\n<li>Os empreendedores, construtores e empregadores valorizam o trabalhador que est\u00e1<br>sob seu comando e sua responsabilidade?<\/li>\n<\/ul>\n\n\n\n<ul class=\"wp-block-list\">\n<li>Agora, a mais importante: o trabalhador da constru\u00e7\u00e3o civil valoriza o seu trabalho e<br>atua\u00e7\u00e3o nos mais diversos tipos de obras?<\/li>\n<\/ul>\n\n\n\n<p><\/p>\n\n\n\n<p class=\"has-text-align-center\">Por sentimento, imagino que a maioria das respostas ser\u00e3o negativas nas tr\u00eas<br>perguntas.<\/p>\n\n\n\n<p class=\"has-text-align-center\">Infelizmente, respostas n\u00e3o ser\u00e3o registradas para que sejam tabuladas e sirvam de<br>base para a\u00e7\u00f5es em busca da real valoriza\u00e7\u00e3o poss\u00edvel.<\/p>\n\n\n\n<p class=\"has-text-align-center\">Retornando a fantasia e ao sonho citados no inicio, posso divulgar e sugerir elementos<br>para alterar as respostas \u201cn\u00e3o\u201d para respostas \u201csim\u201d.<\/p>\n\n\n\n<p class=\"has-text-align-center\">Iniciando pelo principal ator: O Trabalhador.<\/p>\n\n\n\n<p class=\"has-text-align-center\">Esse deve se valorizar na forma pessoal e na forma coletiva contando com o apoio de<br>seus representantes engajados em a\u00e7\u00f5es did\u00e1ticas para que todos tenham a percep\u00e7\u00e3o<br>que n\u00e3o devem ser conhecidos como \u201cpe\u00e3o\u201d e sim como profissionais possuidores de<br>caracter\u00edsticas \u00edmpares que trazem destaque ao produto final por eles constru\u00eddos, ou<br>montados, o que faz deles verdadeiros \u201cartistas\u201d.<\/p>\n\n\n\n<p class=\"has-text-align-center\">Quanto aos demais agentes, Empreendedores, Construtores e Empregadores, que<br>valorizam a apresenta\u00e7\u00e3o de seu material publicit\u00e1rio voltado para empresa, para seus<br>empreendimentos, com grande destaque na m\u00eddia, por que n\u00e3o destacam a qualidade<br>profissional dos respons\u00e1veis pelo produto da propaganda?<\/p>\n\n\n\n<p class=\"has-text-align-center\">Por que muitos custam a disponibilizar aos trabalhadores condi\u00e7\u00f5es de seguran\u00e7a,<br>sa\u00fade e meio ambiente de trabalho condizentes \u00e0s suas atividades?<\/p>\n\n\n\n<p class=\"has-text-align-center\">Isto ocorrendo, acidentes e faltas ao trabalho tendem a desaparecer.<\/p>\n\n\n\n<p class=\"has-text-align-center\">Muito mais poderia ser abordado, mas a proposta do texto \u00e9 levar o leitor \u00e0 an\u00e1lise, \u00e0<br>cr\u00edtica, \u00e0 validade ou n\u00e3o da import\u00e2ncia do trabalhador da constru\u00e7\u00e3o civil e, assim,<br>transformar a fantasia e o sonho em realidade perene.<\/p>\n\n\n\n<p class=\"has-text-align-center\">Como sempre, o contradit\u00f3rio ser\u00e1 bem-vindo.<\/p>\n\n\n\n<p><\/p>\n\n\n\n<p class=\"has-text-align-center\"><strong>Sergio Ussan<\/strong><\/p>\n\n\n\n<p class=\"has-text-align-center\"><strong>Eng. Civil e Eng. Seguran\u00e7a<\/strong><\/p>\n","protected":false},"excerpt":{"rendered":"<p>(Valoriza\u00e7\u00e3o: engrandecimento, eleva\u00e7\u00e3o, relev\u00e2ncia de algo ou algu\u00e9m) Este texto pode ser considerado uma fantasia (elabora, usa e descarta) ou um sonho(inicia e pode se manter por muito tempo). A base para esta situa\u00e7\u00e3o ocorre quando visito locais das mais diversas atividades e medeparo com trabalhadores usando vestu\u00e1rio condizente \u00e0quele momento, momentoeste que dura grande [&hellip;]<\/p>\n","protected":false},"author":1,"featured_media":0,"comment_status":"open","ping_status":"open","sticky":false,"template":"","format":"standard","meta":{"footnotes":""},"categories":[5],"tags":[],"class_list":["post-448","post","type-post","status-publish","format-standard","hentry","category-engenharia-civil"],"_links":{"self":[{"href":"https:\/\/ussan.eng.br\/index.php?rest_route=\/wp\/v2\/posts\/448","targetHints":{"allow":["GET"]}}],"collection":[{"href":"https:\/\/ussan.eng.br\/index.php?rest_route=\/wp\/v2\/posts"}],"about":[{"href":"https:\/\/ussan.eng.br\/index.php?rest_route=\/wp\/v2\/types\/post"}],"author":[{"embeddable":true,"href":"https:\/\/ussan.eng.br\/index.php?rest_route=\/wp\/v2\/users\/1"}],"replies":[{"embeddable":true,"href":"https:\/\/ussan.eng.br\/index.php?rest_route=%2Fwp%2Fv2%2Fcomments&post=448"}],"version-history":[{"count":1,"href":"https:\/\/ussan.eng.br\/index.php?rest_route=\/wp\/v2\/posts\/448\/revisions"}],"predecessor-version":[{"id":451,"href":"https:\/\/ussan.eng.br\/index.php?rest_route=\/wp\/v2\/posts\/448\/revisions\/451"}],"wp:attachment":[{"href":"https:\/\/ussan.eng.br\/index.php?rest_route=%2Fwp%2Fv2%2Fmedia&parent=448"}],"wp:term":[{"taxonomy":"category","embeddable":true,"href":"https:\/\/ussan.eng.br\/index.php?rest_route=%2Fwp%2Fv2%2Fcategories&post=448"},{"taxonomy":"post_tag","embeddable":true,"href":"https:\/\/ussan.eng.br\/index.php?rest_route=%2Fwp%2Fv2%2Ftags&post=448"}],"curies":[{"name":"wp","href":"https:\/\/api.w.org\/{rel}","templated":true}]}}