{"id":122,"date":"2025-12-27T10:54:16","date_gmt":"2025-12-27T13:54:16","guid":{"rendered":"https:\/\/ussan.eng.br\/?p=122"},"modified":"2026-03-31T23:38:34","modified_gmt":"2026-04-01T02:38:34","slug":"seguranca-do-trabalho-nao-e-so-epi-e-epc","status":"publish","type":"post","link":"https:\/\/ussan.eng.br\/?p=122","title":{"rendered":"SEGURAN\u00c7A DO TRABALHO N\u00c3O \u00c9 S\u00d3 EPI E EPC"},"content":{"rendered":"\n<p class=\"has-text-align-center alignwide has-large-font-size\">\u00c9 comum profissionais, e mesmo leigos, que n\u00e3o dominam os princ\u00edpios de Seguran\u00e7a e Sa\u00fade do Trabalho, considerarem que a prote\u00e7\u00e3o do trabalhador se restringe ao uso correto de Equipamentos de Prote\u00e7\u00e3o Individual (EPIs), e Instala\u00e7\u00e3o de Equipamentos de Prote\u00e7\u00e3o Coletiva (EPCs).<\/p>\n\n\n\n<p class=\"has-text-align-center alignwide has-large-font-size\">Muitos T\u00e9cnicos de Seguran\u00e7a do Trabalho s\u00e3o valorizados quando mant\u00eam fichas de EPIs preenchidas com a entrega dos mesmos aos trabalhadores, assim como quando atuam com firmeza na fiscaliza\u00e7\u00e3o dos EPCs, apenas isto.<\/p>\n\n\n\n<p class=\"has-text-align-center alignwide has-large-font-size\">Este cen\u00e1rio deve ser corrigido com o elenco de v\u00e1rios outros itens que englobam a correta prote\u00e7\u00e3o dos trabalhadores. Itens estes apresentados a seguir de forma expedita e pass\u00edveis de aumento, conforme as caracter\u00edsticas das atividades a serem executadas. Confira.<\/p>\n\n\n\n<p><\/p>\n\n\n\n<h3 class=\"wp-block-heading has-text-align-center alignwide has-large-font-size\"><strong>Documenta\u00e7\u00e3o:<\/strong><\/h3>\n\n\n\n<p class=\"has-text-align-center alignwide has-large-font-size\">Antes de iniciar suas tarefas o trabalhador deve possuir corretamente, documentos exigidos pela legisla\u00e7\u00e3o trabalhista vigente acrescido ao determinado nas Normas Regulamentadoras Brasileiras (NRs).<\/p>\n\n\n\n<p class=\"has-text-align-center alignwide has-large-font-size\">Tamb\u00e9m merece aten\u00e7\u00e3o especial os Certificados de Treinamentos espec\u00edficos para as atividades do trabalhador, que devem possuir registro dos temas abordados e carga hor\u00e1ria ministrada.<\/p>\n\n\n\n<p class=\"has-text-align-center alignwide has-large-font-size\">Obs.1: na pr\u00e1tica s\u00e3o encontradas cargas hor\u00e1rias que n\u00e3o condizem com a realidade ministrada, o que significa burlar a legisla\u00e7\u00e3o e responsabiliza\u00e7\u00e3o do empregador e do profissional que firmou o documento.<\/p>\n\n\n\n<p class=\"has-text-align-center alignwide has-large-font-size\">Obs. 2: no Atestado de Sa\u00fade Ocupacional (ASO) dever\u00e1 constar a situa\u00e7\u00e3o de \u201capto para suas atividades\u201d e no caso de trabalho em altura \u201capto para trabalho em altura\u201d.<\/p>\n\n\n\n<p class=\"has-text-align-center alignwide has-large-font-size\"><strong>Justificativa:<\/strong><br>Com a documenta\u00e7\u00e3o correta comprova-se que o trabalhador apresenta plenas condi\u00e7\u00f5es f\u00edsicas e legais para desenvolver suas atividades.<\/p>\n\n\n\n<p><\/p>\n\n\n\n<h3 class=\"wp-block-heading has-text-align-center alignwide has-large-font-size\"><strong>\u00c1reas de Viv\u00eancia:<\/strong><\/h3>\n\n\n\n<p class=\"has-text-align-center alignwide has-large-font-size\">As \u00e1reas de apoio \u2013 vesti\u00e1rios, sanit\u00e1rios, chuveiros e refeit\u00f3rio devem possuir plenas condi\u00e7\u00f5es de uso atendendo a normatiza\u00e7\u00e3o de dimensionamento e higiene.<\/p>\n\n\n\n<p class=\"has-text-align-center alignwide has-large-font-size\"><strong>Justificativa:<\/strong><br>Com a disponibiliza\u00e7\u00e3o de corretas \u00e1reas de viv\u00eancia o ambiente de trabalho passa ao trabalhador o sentimento de organiza\u00e7\u00e3o e seguran\u00e7a, sentimento este que o trabalhador levar\u00e1 junto aos locais de trabalho.<\/p>\n\n\n\n<p><\/p>\n\n\n\n<h3 class=\"wp-block-heading has-text-align-center alignwide has-large-font-size\"><strong>Sinaliza\u00e7\u00e3o<\/strong>:<\/h3>\n\n\n\n<p class=\"has-text-align-center alignwide has-large-font-size\">O canteiro de obras deve possuir ampla sinaliza\u00e7\u00e3o voltada para aten\u00e7\u00e3o \u00e0s condi\u00e7\u00f5es de seguran\u00e7a pessoal e coletiva.<\/p>\n\n\n\n<p class=\"has-text-align-center alignwide has-large-font-size\"><strong>Justificativa:<\/strong><br>A distra\u00e7\u00e3o \u00e9 inerente \u00e0 pessoa humana o que leva ao prevencionista o cuidado em proporcionar \u201calertas\u201d que mant\u00eam o trabalhador atento.<\/p>\n\n\n\n<p class=\"has-text-align-center alignwide has-large-font-size\">Gostando ou n\u00e3o a frase criada para este momento \u201cSeguran\u00e7a \u00e9 como \u00e1gua do chimarr\u00e3o em chaleira, se n\u00e3o levar ao fogo constantemente esfria\u201d.<\/p>\n\n\n\n<p><\/p>\n\n\n\n<h3 class=\"wp-block-heading has-text-align-center alignwide has-large-font-size\"><strong>Di\u00e1logos Di\u00e1rios ou Semanais de Seguran\u00e7a:<\/strong><\/h3>\n\n\n\n<p class=\"has-text-align-center alignwide has-large-font-size\">Deve ser praxe no canteiro de obras promover momentos de curta dura\u00e7\u00e3o de grupos de trabalhadores que recebem orienta\u00e7\u00f5es espec\u00edficas sobre determinado tema e interagem entre si sempre visando seguran\u00e7a individual e coletiva.<\/p>\n\n\n\n<p class=\"has-text-align-center alignwide has-large-font-size\"><strong>Justificativa:<\/strong><br>Estes momentos s\u00e3o prop\u00edcios para manter vivo todo princ\u00edpio que rege a seguran\u00e7a no canteiro de obra.<\/p>\n\n\n\n<p><\/p>\n\n\n\n<h3 class=\"wp-block-heading has-text-align-center alignwide\"><strong>Caixa de sugest\u00f5es:<\/strong><\/h3>\n\n\n\n<p class=\"alignwide has-large-font-size\">Ideia que pode vir a ser considerada gasto de tempo, mas com benef\u00edcios comprovados. Trata-se da coloca\u00e7\u00e3o de caixas espec\u00edficas para receber sugest\u00f5es dos trabalhadores referentes \u00e0s condi\u00e7\u00f5es de seguran\u00e7a, higiene e meio ambiente de trabalho disponibilizado no canteiro, sem a necessidade da identifica\u00e7\u00e3o do autor.<\/p>\n\n\n\n<p class=\"has-text-align-center alignwide has-large-font-size\"><strong>Justificativa:<\/strong><br>Com a participa\u00e7\u00e3o o ambiente na obra ficar\u00e1 melhor, pois os trabalhadores sentir\u00e3o que suas sugest\u00f5es s\u00e3o analisadas e, quando corretas, ser\u00e3o aceitas podendo ser discutidas nos DSSs.<\/p>\n\n\n\n<p><\/p>\n\n\n\n<h3 class=\"wp-block-heading has-text-align-center alignwide has-large-font-size\"><strong>Equipe de socorro imediato:<\/strong><\/h3>\n\n\n\n<p class=\"has-text-align-center alignwide has-large-font-size\">A obra deve possuir equipe devidamente treinada e qualificada, que possa prestar os primeiros socorros em caso de incidentes, acidentes ou princ\u00edpio de inc\u00eandio.<\/p>\n\n\n\n<p class=\"has-text-align-center alignwide has-large-font-size\"><strong>Justificativa:<\/strong><br>Saber da exist\u00eancia desta equipe passa ao trabalhador sentimento de seguran\u00e7a no caso venha a ser necess\u00e1ria assist\u00eancia imediata.<\/p>\n\n\n\n<p><\/p>\n\n\n\n<p class=\"has-text-align-center alignwide has-large-font-size\">Ao concluir a leitura do texto acima o leitor deve analisar cada item citado e descobrir que seguran\u00e7a n\u00e3o \u00e9 s\u00f3 controle de EPIs e EPCs.<\/p>\n\n\n\n<p class=\"has-text-align-center alignwide has-large-font-size\">Sei que o tema \u00e9 prop\u00edcio para v\u00e1rias interpreta\u00e7\u00f5es e muitas abordagens e acredito, sendo esta a ideia: tirar prevencionistas que est\u00e3o em zona de conforto para que ampliem a\u00e7\u00f5es de foco da seguran\u00e7a do trabalho.<\/p>\n\n\n\n<p class=\"has-text-align-center alignwide has-large-font-size\">Enfim, apenas com os itens acima, desconsiderando novos itens que venham a surgir, \u00e9 poss\u00edvel notar a import\u00e2ncia da presen\u00e7a do T\u00e9cnico de Seguran\u00e7a do Trabalho tanto no escrit\u00f3rio quanto no canteiro da obra, o que representa a amplia\u00e7\u00e3o do mercado de trabalho desta importante categoria.<\/p>\n\n\n\n<p class=\"has-text-align-center alignwide has-large-font-size\">Como sempre o contradit\u00f3rio ser\u00e1 bem-vindo.<\/p>\n\n\n\n<p><\/p>\n\n\n\n<p class=\"has-text-align-center alignwide has-medium-font-size\"><strong>Eng. Sergio Ussan<\/strong><\/p>\n\n\n\n<p><\/p>\n","protected":false},"excerpt":{"rendered":"<p>\u00c9 comum profissionais, e mesmo leigos, que n\u00e3o dominam os princ\u00edpios de Seguran\u00e7a e Sa\u00fade do Trabalho, considerarem que a prote\u00e7\u00e3o do trabalhador se restringe ao uso correto de Equipamentos de Prote\u00e7\u00e3o Individual (EPIs), e Instala\u00e7\u00e3o de Equipamentos de Prote\u00e7\u00e3o Coletiva (EPCs). Muitos T\u00e9cnicos de Seguran\u00e7a do Trabalho s\u00e3o valorizados quando mant\u00eam fichas de EPIs [&hellip;]<\/p>\n","protected":false},"author":1,"featured_media":0,"comment_status":"open","ping_status":"open","sticky":false,"template":"","format":"standard","meta":{"footnotes":""},"categories":[4],"tags":[],"class_list":["post-122","post","type-post","status-publish","format-standard","hentry","category-seguranca-do-trabalho"],"_links":{"self":[{"href":"https:\/\/ussan.eng.br\/index.php?rest_route=\/wp\/v2\/posts\/122","targetHints":{"allow":["GET"]}}],"collection":[{"href":"https:\/\/ussan.eng.br\/index.php?rest_route=\/wp\/v2\/posts"}],"about":[{"href":"https:\/\/ussan.eng.br\/index.php?rest_route=\/wp\/v2\/types\/post"}],"author":[{"embeddable":true,"href":"https:\/\/ussan.eng.br\/index.php?rest_route=\/wp\/v2\/users\/1"}],"replies":[{"embeddable":true,"href":"https:\/\/ussan.eng.br\/index.php?rest_route=%2Fwp%2Fv2%2Fcomments&post=122"}],"version-history":[{"count":5,"href":"https:\/\/ussan.eng.br\/index.php?rest_route=\/wp\/v2\/posts\/122\/revisions"}],"predecessor-version":[{"id":421,"href":"https:\/\/ussan.eng.br\/index.php?rest_route=\/wp\/v2\/posts\/122\/revisions\/421"}],"wp:attachment":[{"href":"https:\/\/ussan.eng.br\/index.php?rest_route=%2Fwp%2Fv2%2Fmedia&parent=122"}],"wp:term":[{"taxonomy":"category","embeddable":true,"href":"https:\/\/ussan.eng.br\/index.php?rest_route=%2Fwp%2Fv2%2Fcategories&post=122"},{"taxonomy":"post_tag","embeddable":true,"href":"https:\/\/ussan.eng.br\/index.php?rest_route=%2Fwp%2Fv2%2Ftags&post=122"}],"curies":[{"name":"wp","href":"https:\/\/api.w.org\/{rel}","templated":true}]}}